{"id":80137,"date":"2026-08-11T07:38:51","date_gmt":"2026-08-11T07:38:51","guid":{"rendered":"https:\/\/campingsingirona.com\/?p=80137"},"modified":"2026-08-11T07:48:13","modified_gmt":"2026-08-11T07:48:13","slug":"la-verema-a-lemporda","status":"publish","type":"post","link":"https:\/\/campingsingirona.com\/ca\/2026\/08\/la-verema-a-lemporda\/","title":{"rendered":"La verema a l&#8217;Empord\u00e0: viu una de les tradicions m\u00e9s especials de la Costa Brava"},"content":{"rendered":"\n<p class=\"wp-block-paragraph\">Quan el setembre arriba i la calor de l&#8217;estiu comen\u00e7a a donar pas a temperatures m\u00e9s suaus, l&#8217;Empord\u00e0 canvia de ritme. Les vinyes es tenyeixen de tons daurats, els ceps arriben al punt \u00f2ptim de maduraci\u00f3 i els cellers es preparen per a un dels moments m\u00e9s esperats de l&#8217;any: <strong>la verema<\/strong>.<\/p>\n\n\n\n<p class=\"wp-block-paragraph\">\u00c9s una \u00e8poca ideal per descobrir l&#8217;Empord\u00e0 des d&#8217;una perspectiva diferent. Passejar entre vinyes, visitar cellers, con\u00e8ixer els secrets de l&#8217;elaboraci\u00f3 del vi o gaudir d&#8217;un tast amb vistes al paisatge converteixen aquesta tradici\u00f3 en una experi\u00e8ncia que va molt m\u00e9s enll\u00e0 del vi.<\/p>\n\n\n\n<p class=\"wp-block-paragraph\">Si vols viure-la sense presses, allotjar-te en un <strong>c\u00e0mping de Girona<\/strong> \u00e9s una de les millors opcions. Et permet combinar l&#8217;enoturisme amb escapades a la Costa Brava, passejades per pobles amb encant i dies de natura en un entorn privilegiat.<\/p>\n\n\n\n<figure class=\"wp-block-image size-large\"><img loading=\"lazy\" decoding=\"async\" width=\"1024\" height=\"686\" src=\"https:\/\/campingsingirona.com\/wp-content\/uploads\/2022\/09\/image-2-1024x686.png\" alt=\"\" class=\"wp-image-148919\" srcset=\"https:\/\/campingsingirona.com\/wp-content\/uploads\/2022\/09\/image-2-1024x686.png 1024w, https:\/\/campingsingirona.com\/wp-content\/uploads\/2022\/09\/image-2-768x514.png 768w, https:\/\/campingsingirona.com\/wp-content\/uploads\/2022\/09\/image-2.png 1204w\" sizes=\"auto, (max-width: 1024px) 100vw, 1024px\" \/><figcaption class=\"wp-element-caption\">Celler Espelt, Vilaju\u00efga (Celler Espelt, arxiu PTCB)<\/figcaption><\/figure>\n\n\n\n<p class=\"wp-block-paragraph\"><\/p>\n\n\n\n<h2 class=\"wp-block-heading\"><strong>Qu\u00e8 \u00e9s la verema?<\/strong><\/h2>\n\n\n\n<p class=\"wp-block-paragraph\">La <strong>verema<\/strong> \u00e9s el proc\u00e9s de recol\u00b7lecci\u00f3 del ra\u00efm destinat a l&#8217;elaboraci\u00f3 del vi. Tot i que tradicionalment s&#8217;associa a la collita, tamb\u00e9 representa l&#8217;inici d&#8217;un proc\u00e9s que culminar\u00e0 mesos despr\u00e9s amb l&#8217;elaboraci\u00f3 dels vins que arribaran a les nostres taules.<\/p>\n\n\n\n<p class=\"wp-block-paragraph\">La data de la verema varia cada any segons les condicions meteorol\u00f2giques i el grau de maduraci\u00f3 del ra\u00efm. A la <strong>DO Empord\u00e0<\/strong>, habitualment comen\u00e7a entre finals d&#8217;agost i principis de setembre, depenent de la varietat i de cada celler.<\/p>\n\n\n\n<p class=\"wp-block-paragraph\">M\u00e9s enll\u00e0 de la seva import\u00e0ncia agr\u00edcola, la verema \u00e9s tamb\u00e9 una celebraci\u00f3 del territori. Durant aquestes setmanes, molts cellers organitzen activitats per acostar aquesta tradici\u00f3 als visitants i donar a con\u00e8ixer el patrimoni vitivin\u00edcola de l&#8217;Empord\u00e0.<\/p>\n\n\n\n<figure class=\"wp-block-image size-large\"><img loading=\"lazy\" decoding=\"async\" width=\"1024\" height=\"674\" src=\"https:\/\/campingsingirona.com\/wp-content\/uploads\/2022\/09\/image-3-1024x674.png\" alt=\"\" class=\"wp-image-148930\" srcset=\"https:\/\/campingsingirona.com\/wp-content\/uploads\/2022\/09\/image-3-1024x674.png 1024w, https:\/\/campingsingirona.com\/wp-content\/uploads\/2022\/09\/image-3-768x505.png 768w, https:\/\/campingsingirona.com\/wp-content\/uploads\/2022\/09\/image-3.png 1204w\" sizes=\"auto, (max-width: 1024px) 100vw, 1024px\" \/><figcaption class=\"wp-element-caption\">Festa de la verema, Vilaju\u00efga (Oscar Rodbag, arxiu PTCB)<\/figcaption><\/figure>\n\n\n\n<p class=\"wp-block-paragraph\"><\/p>\n\n\n\n<h2 class=\"wp-block-heading\"><strong>La DO Empord\u00e0, una terra de vins amb hist\u00f2ria<\/strong><\/h2>\n\n\n\n<p class=\"wp-block-paragraph\">Parlar de la verema \u00e9s parlar tamb\u00e9 de la <strong>Denominaci\u00f3 d&#8217;Origen Empord\u00e0<\/strong>, una de les m\u00e9s antigues de Catalunya.<\/p>\n\n\n\n<p class=\"wp-block-paragraph\">La tradici\u00f3 vitivin\u00edcola de l&#8217;Empord\u00e0 es remunta a l&#8217;arribada dels grecs a Emp\u00faries, fa m\u00e9s de dos mil anys. Des d&#8217;aleshores, el cultiu de la vinya ha format part del paisatge i de la cultura de la comarca fins a convertir-se en un dels seus principals trets d&#8217;identitat.<\/p>\n\n\n\n<p class=\"wp-block-paragraph\">Actualment, la <strong>DO Empord\u00e0<\/strong> agrupa desenes de cellers distribu\u00efts principalment entre l&#8217;Alt i el Baix Empord\u00e0, on el clima mediterrani, la influ\u00e8ncia de la tramuntana i la diversitat de s\u00f2ls donen lloc a vins amb una personalitat molt marcada.<\/p>\n\n\n\n<p class=\"wp-block-paragraph\">Visitar aquests cellers \u00e9s tamb\u00e9 una manera de descobrir el territori, la seva hist\u00f2ria i les persones que mantenen viva aquesta tradici\u00f3.<\/p>\n\n\n\n<h2 class=\"wp-block-heading\"><strong>Com viure la verema a l&#8217;Empord\u00e0<\/strong><\/h2>\n\n\n\n<p class=\"wp-block-paragraph\">La millor manera de descobrir la verema \u00e9s participar en alguna de les experi\u00e8ncies que organitzen els cellers durant aquesta \u00e8poca de l&#8217;any.<\/p>\n\n\n\n<p class=\"wp-block-paragraph\">Cada proposta \u00e9s diferent, per\u00f2 moltes permeten apropar-se al proc\u00e9s d&#8217;elaboraci\u00f3 del vi d&#8217;una manera molt vivencial.<\/p>\n\n\n\n<p class=\"wp-block-paragraph\">Entre les activitats m\u00e9s habituals hi trobar\u00e0s:<\/p>\n\n\n\n<ul class=\"wp-block-list\">\n<li><strong>Visites guiades als cellers<\/strong> per con\u00e8ixer el proc\u00e9s d&#8217;elaboraci\u00f3 del vi.<\/li>\n\n\n\n<li><strong>Passejades entre vinyes<\/strong> per descobrir les varietats de ra\u00efm i el paisatge vitivin\u00edcola.<\/li>\n\n\n\n<li><strong>Tastos de vins<\/strong> maridats amb productes locals.<\/li>\n\n\n\n<li><strong>Experi\u00e8ncies de verema<\/strong>, que en alguns cellers inclouen la collita del ra\u00efm o demostracions del proc\u00e9s tradicional.<\/li>\n\n\n\n<li><strong>Activitats familiars<\/strong>, especialment durant els caps de setmana de setembre.<\/li>\n<\/ul>\n\n\n\n<p class=\"wp-block-paragraph\">Com que la programaci\u00f3 varia cada temporada, \u00e9s recomanable consultar directament la informaci\u00f3 de cada celler abans de planificar la visita.<\/p>\n\n\n\n<p class=\"wp-block-paragraph\">M\u00e9s enll\u00e0 de les activitats, el simple fet de rec\u00f3rrer les carreteres envoltades de vinyes, descobrir petits pobles de l&#8217;Empord\u00e0 i observar el paisatge en plena verema ja converteix l&#8217;escapada en una experi\u00e8ncia especial.<\/p>\n\n\n\n<h2 class=\"wp-block-heading\"><strong>Enoturisme a l&#8217;Empord\u00e0: molt m\u00e9s que visitar un celler<\/strong><\/h2>\n\n\n\n<p class=\"wp-block-paragraph\">La verema \u00e9s una de les millors \u00e8poques per descobrir l&#8217;Empord\u00e0, per\u00f2 l&#8217;enoturisme es pot gaudir durant tot l&#8217;any.<\/p>\n\n\n\n<p class=\"wp-block-paragraph\">Molts cellers ofereixen visites guiades, tastos comentats, maridatges gastron\u00f2mics i activitats entre vinyes que permeten entendre la relaci\u00f3 entre el vi, el paisatge i la cultura local.<\/p>\n\n\n\n<p class=\"wp-block-paragraph\">\u00c9s una manera pausada de descobrir el territori, de conversar amb els viticultors, con\u00e8ixer varietats aut\u00f2ctones i gaudir d&#8217;alguns dels paisatges m\u00e9s caracter\u00edstics de la Costa Brava i l&#8217;interior de Girona.<\/p>\n\n\n\n<p class=\"wp-block-paragraph\">A m\u00e9s, moltes d&#8217;aquestes experi\u00e8ncies es poden combinar amb visites a pobles medievals, rutes a peu o en bicicleta, mercats locals o jornades de relax al costat del mar.<\/p>\n\n\n\n<figure class=\"wp-block-image size-large\"><img loading=\"lazy\" decoding=\"async\" width=\"1024\" height=\"669\" src=\"https:\/\/campingsingirona.com\/wp-content\/uploads\/2022\/09\/image-1024x669.png\" alt=\"\" class=\"wp-image-148920\" srcset=\"https:\/\/campingsingirona.com\/wp-content\/uploads\/2022\/09\/image-1024x669.png 1024w, https:\/\/campingsingirona.com\/wp-content\/uploads\/2022\/09\/image-768x502.png 768w, https:\/\/campingsingirona.com\/wp-content\/uploads\/2022\/09\/image.png 1204w\" sizes=\"auto, (max-width: 1024px) 100vw, 1024px\" \/><figcaption class=\"wp-element-caption\">Verema (Oscar Rodbag, arxiu PTCB)<\/figcaption><\/figure>\n\n\n\n<p class=\"wp-block-paragraph\"><\/p>\n\n\n\n<h2 class=\"wp-block-heading\"><strong>Descobreix la verema des d&#8217;un c\u00e0mping Land of Wines<\/strong><\/h2>\n\n\n\n<p class=\"wp-block-paragraph\">Viure la verema \u00e9s molt m\u00e9s que visitar un celler. \u00c9s despertar-se envoltat de natura, rec\u00f3rrer carreteres entre vinyes, descobrir petits pobles de l&#8217;Empord\u00e0 i acabar el dia compartint una copa de vi mentre el sol s&#8217;amaga darrere dels ceps.<\/p>\n\n\n\n<p class=\"wp-block-paragraph\">Per gaudir d&#8217;aquesta experi\u00e8ncia amb calma, els <strong>c\u00e0mpings amb el segell Land of Wines<\/strong> de C\u00e0mpings de Girona s\u00f3n un excel\u00b7lent punt de partida.<\/p>\n\n\n\n<p class=\"wp-block-paragraph\">Aquest distintiu identifica els c\u00e0mpings que promouen l&#8217;enoturisme i faciliten la descoberta de la cultura vitivin\u00edcola de l&#8217;Empord\u00e0. Des d&#8217;aquests establiments \u00e9s f\u00e0cil visitar cellers, participar en tastos, con\u00e8ixer la DO Empord\u00e0 i descobrir un paisatge modelat durant segles pel cultiu de la vinya.<\/p>\n\n\n\n<p class=\"wp-block-paragraph\">Els c\u00e0mpings amb el segell <strong>Land of Wines<\/strong> s\u00f3n:<\/p>\n\n\n\n<ul class=\"wp-block-list\">\n<li><a href=\"https:\/\/campingsingirona.com\/ca\/campings\/camping-begur\/\" target=\"_blank\" rel=\"noreferrer noopener\"><strong>C\u00e0mping Begur<\/strong><\/a><\/li>\n\n\n\n<li><a href=\"https:\/\/campingsingirona.com\/ca\/campings\/camping-benelux\/\" target=\"_blank\" rel=\"noreferrer noopener\"><strong>C\u00e0mping Benelux<\/strong><\/a><\/li>\n\n\n\n<li><a href=\"https:\/\/campingsingirona.com\/ca\/campings\/camping-caravaning-internacional-palamos\/\" target=\"_blank\" rel=\"noreferrer noopener\"><strong>C\u00e0mping Internacional Palam\u00f3s<\/strong><\/a><\/li>\n\n\n\n<li><a href=\"https:\/\/campingsingirona.com\/ca\/campings\/camping-joncar-mar\/\" target=\"_blank\" rel=\"noreferrer noopener\"><strong>C\u00e0mping Joncar Mar<\/strong><\/a><\/li>\n\n\n\n<li><a href=\"https:\/\/campingsingirona.com\/ca\/campings\/camping-neptuno\/\" target=\"_blank\" rel=\"noreferrer noopener\"><strong>Alannia Neptuno<\/strong><\/a><\/li>\n\n\n\n<li><a href=\"https:\/\/campingsingirona.com\/es\/campings\/platja-brava-camping-bungalows\/\" target=\"_blank\" rel=\"noreferrer noopener\"><strong>C\u00e0mping Platja Brava<\/strong><\/a><\/li>\n\n\n\n<li><a href=\"https:\/\/campingsingirona.com\/ca\/campings\/camping-riells\/\" target=\"_blank\" rel=\"noreferrer noopener\"><strong>C\u00e0mping Riells<\/strong><\/a><\/li>\n\n\n\n<li><a href=\"https:\/\/campingsingirona.com\/ca\/campings\/camping-rodas\/\" target=\"_blank\" rel=\"noreferrer noopener\"><strong>C\u00e0mping Rodas<\/strong><\/a><\/li>\n\n\n\n<li><a href=\"https:\/\/campingsingirona.com\/ca\/campings\/salata-campings-bungalows\/#\" target=\"_blank\" rel=\"noreferrer noopener\"><strong>C\u00e0mping Salat\u00e0<\/strong><\/a><\/li>\n\n\n\n<li><a href=\"https:\/\/campingsingirona.com\/ca\/campings\/senia-cala-gogo\/\" target=\"_blank\" rel=\"noreferrer noopener\"><strong>C\u00e0mping S\u00e8nia Cala Gogo<\/strong><\/a><\/li>\n\n\n\n<li><a href=\"https:\/\/campingsingirona.com\/ca\/campings\/camping-internacional-de-calonge\/\" target=\"_blank\" rel=\"noreferrer noopener\"><strong>C\u00e0mping S\u00e8nia Internacional de Calonge<\/strong><\/a><\/li>\n\n\n\n<li><a href=\"https:\/\/campingsingirona.com\/ca\/campings\/camping-tres-estrellas-costa-brava\/\" target=\"_blank\" rel=\"noreferrer noopener\"><strong>HolaCamp Palam\u00f3s<\/strong><\/a><\/li>\n\n\n\n<li><a href=\"https:\/\/campingsingirona.com\/ca\/campings\/camping-vell-emporda\/\" target=\"_blank\" rel=\"noreferrer noopener\"><strong>C\u00e0mping Vell Empord\u00e0<\/strong><\/a><\/li>\n<\/ul>\n\n\n\n<p class=\"wp-block-paragraph\">Allotjar-te en un d&#8217;aquests c\u00e0mpings et permet combinar l&#8217;enoturisme amb altres experi\u00e8ncies pr\u00f2pies de la Costa Brava: passejar pel Cam\u00ed de Ronda, descobrir cales amagades, visitar pobles amb encant o gaudir de la gastronomia local.<\/p>\n\n\n\n<figure class=\"wp-block-image size-large\"><img loading=\"lazy\" decoding=\"async\" width=\"1024\" height=\"683\" src=\"https:\/\/campingsingirona.com\/wp-content\/uploads\/2022\/09\/image-1-1024x683.png\" alt=\"\" class=\"wp-image-148918\" srcset=\"https:\/\/campingsingirona.com\/wp-content\/uploads\/2022\/09\/image-1-1024x683.png 1024w, https:\/\/campingsingirona.com\/wp-content\/uploads\/2022\/09\/image-1-768x512.png 768w, https:\/\/campingsingirona.com\/wp-content\/uploads\/2022\/09\/image-1.png 1204w\" sizes=\"auto, (max-width: 1024px) 100vw, 1024px\" \/><figcaption class=\"wp-element-caption\">Platja Brava C\u00e0mping &amp; Bungalows<\/figcaption><\/figure>\n\n\n\n<p class=\"wp-block-paragraph\"><\/p>\n\n\n\n<h2 class=\"wp-block-heading\"><strong>Consells per gaudir de la verema a l&#8217;Empord\u00e0<\/strong><\/h2>\n\n\n\n<p class=\"wp-block-paragraph\">Si est\u00e0s pensant a visitar l&#8217;Empord\u00e0 durant la verema, aquests consells t&#8217;ajudaran a aprofitar al m\u00e0xim l&#8217;experi\u00e8ncia:<\/p>\n\n\n\n<ul class=\"wp-block-list\">\n<li><strong>Reserva les activitats amb antelaci\u00f3<\/strong>, especialment els caps de setmana de setembre.<\/li>\n\n\n\n<li><strong>Consulta la programaci\u00f3 dels cellers<\/strong>, ja que les experi\u00e8ncies poden variar cada temporada.<\/li>\n\n\n\n<li><strong>Combina la visita amb altres plans<\/strong>, com una ruta pel litoral, una passejada entre pobles medievals o una excursi\u00f3 per un espai natural.<\/li>\n\n\n\n<li><strong>Gaudeix del vi amb responsabilitat<\/strong> i, si cal, planifica els despla\u00e7aments amb antelaci\u00f3.<\/li>\n\n\n\n<li><strong>Aprofita per descobrir els productes de proximitat<\/strong>, com els formatges artesans, l&#8217;oli d&#8217;oliva, les anxoves o la cuina empordanesa.<\/li>\n<\/ul>\n\n\n\n<p class=\"wp-block-paragraph\">La verema \u00e9s tamb\u00e9 una oportunitat per con\u00e8ixer el territori d&#8217;una manera m\u00e9s pausada, parlant amb les persones que hi viuen i descobrint tradicions que formen part de la identitat de l&#8217;Empord\u00e0.<\/p>\n\n\n\n<h2 class=\"wp-block-heading\"><strong>La verema, una experi\u00e8ncia per viure sense presses<\/strong><\/h2>\n\n\n\n<p class=\"wp-block-paragraph\">Hi ha moltes maneres de descobrir l&#8217;Empord\u00e0, per\u00f2 poques connecten tant amb el territori com la verema.<\/p>\n\n\n\n<p class=\"wp-block-paragraph\">Caminar entre vinyes, con\u00e8ixer els qui treballen la terra, tastar un vi all\u00e0 on neix o contemplar el paisatge quan els ceps comencen a canviar de color s\u00f3n experi\u00e8ncies que permeten entendre millor aquesta terra.<\/p>\n\n\n\n<p class=\"wp-block-paragraph\">Allotjar-te en un c\u00e0mping de Girona et dona la llibertat de viure aquests dies al teu ritme, combinant l&#8217;enoturisme amb la natura, el mar, la gastronomia i el patrimoni que fan \u00fanica aquesta destinaci\u00f3.<\/p>\n\n\n\n<p class=\"wp-block-paragraph\">Perqu\u00e8, de vegades, els millors records d&#8217;un viatge neixen de les experi\u00e8ncies m\u00e9s senzilles: una conversa en un celler, una copa de vi compartida o una posta de sol entre vinyes.<\/p>\n\n\n\n<h2 class=\"wp-block-heading\"><strong>Preguntes freq\u00fcents sobre la verema a l&#8217;Empord\u00e0<\/strong><\/h2>\n\n\n\n<p class=\"wp-block-paragraph\"><\/p>\n\n\n\n<h3 class=\"wp-block-heading\"><strong>Quan se celebra la verema a l&#8217;Empord\u00e0?<\/strong><\/h3>\n\n\n\n<p class=\"wp-block-paragraph\">Habitualment, la verema comen\u00e7a entre finals d&#8217;agost i principis de setembre, tot i que les dates poden variar segons les condicions meteorol\u00f2giques, les varietats de ra\u00efm i cada celler.<\/p>\n\n\n\n<h3 class=\"wp-block-heading\"><strong>Es poden visitar cellers durant la verema?<\/strong><\/h3>\n\n\n\n<p class=\"wp-block-paragraph\">S\u00ed. Molts cellers de la DO Empord\u00e0 organitzen visites guiades, tastos i experi\u00e8ncies especials durant aquesta \u00e8poca de l&#8217;any. Com que la programaci\u00f3 canvia cada temporada, \u00e9s recomanable consultar la informaci\u00f3 directament amb cada celler.<\/p>\n\n\n\n<h3 class=\"wp-block-heading\"><strong>Qu\u00e8 \u00e9s la DO Empord\u00e0?<\/strong><\/h3>\n\n\n\n<p class=\"wp-block-paragraph\">La <strong>Denominaci\u00f3 d&#8217;Origen Empord\u00e0<\/strong> \u00e9s el distintiu que garanteix l&#8217;origen i la qualitat dels vins elaborats a les comarques de l&#8217;Alt i el Baix Empord\u00e0, una zona amb una llarga tradici\u00f3 vitivin\u00edcola.<\/p>\n\n\n\n<h3 class=\"wp-block-heading\"><strong>Quin \u00e9s el millor allotjament per descobrir la verema?<\/strong><\/h3>\n\n\n\n<p class=\"wp-block-paragraph\">Allotjar-se en un <strong>c\u00e0mping Land of Wines<\/strong> \u00e9s una excel\u00b7lent opci\u00f3 per combinar la visita als cellers amb altres experi\u00e8ncies com descobrir pobles amb encant, gaudir de la Costa Brava o rec\u00f3rrer els paisatges de l&#8217;Empord\u00e0.<\/p>\n\n\n\n<h3 class=\"wp-block-heading\"><strong>Nom\u00e9s es pot fer enoturisme durant la verema?<\/strong><\/h3>\n\n\n\n<p class=\"wp-block-paragraph\">No. Tot i que la verema \u00e9s un dels moments m\u00e9s especials de l&#8217;any, molts cellers ofereixen activitats, visites guiades i tastos durant totes les estacions.<\/p>\n","protected":false},"excerpt":{"rendered":"<p>Quan el setembre arriba i la calor de l&#8217;estiu comen\u00e7a a donar pas a temperatures m\u00e9s suaus, l&#8217;Empord\u00e0 canvia de ritme. Les vinyes es tenyeixen de tons daurats, els ceps arriben al punt \u00f2ptim de maduraci\u00f3 i els cellers es preparen per a un dels moments m\u00e9s esperats de l&#8217;any: la verema. \u00c9s una \u00e8poca [&hellip;]<\/p>\n","protected":false},"author":1,"featured_media":148919,"comment_status":"closed","ping_status":"open","sticky":false,"template":"","format":"standard","meta":{"_acf_changed":false,"footnotes":""},"categories":[808],"tags":[394],"class_list":["post-80137","post","type-post","status-publish","format-standard","has-post-thumbnail","hentry","category-rutes-i-territori","tag-cultura"],"acf":[],"_links":{"self":[{"href":"https:\/\/campingsingirona.com\/ca\/wp-json\/wp\/v2\/posts\/80137","targetHints":{"allow":["GET"]}}],"collection":[{"href":"https:\/\/campingsingirona.com\/ca\/wp-json\/wp\/v2\/posts"}],"about":[{"href":"https:\/\/campingsingirona.com\/ca\/wp-json\/wp\/v2\/types\/post"}],"author":[{"embeddable":true,"href":"https:\/\/campingsingirona.com\/ca\/wp-json\/wp\/v2\/users\/1"}],"replies":[{"embeddable":true,"href":"https:\/\/campingsingirona.com\/ca\/wp-json\/wp\/v2\/comments?post=80137"}],"version-history":[{"count":6,"href":"https:\/\/campingsingirona.com\/ca\/wp-json\/wp\/v2\/posts\/80137\/revisions"}],"predecessor-version":[{"id":148944,"href":"https:\/\/campingsingirona.com\/ca\/wp-json\/wp\/v2\/posts\/80137\/revisions\/148944"}],"wp:featuredmedia":[{"embeddable":true,"href":"https:\/\/campingsingirona.com\/ca\/wp-json\/wp\/v2\/media\/148919"}],"wp:attachment":[{"href":"https:\/\/campingsingirona.com\/ca\/wp-json\/wp\/v2\/media?parent=80137"}],"wp:term":[{"taxonomy":"category","embeddable":true,"href":"https:\/\/campingsingirona.com\/ca\/wp-json\/wp\/v2\/categories?post=80137"},{"taxonomy":"post_tag","embeddable":true,"href":"https:\/\/campingsingirona.com\/ca\/wp-json\/wp\/v2\/tags?post=80137"}],"curies":[{"name":"wp","href":"https:\/\/api.w.org\/{rel}","templated":true}]}}